{"id":3496,"date":"2024-07-01T20:02:04","date_gmt":"2024-07-01T23:02:04","guid":{"rendered":"https:\/\/mariaimaculada.com.br\/?p=3496"},"modified":"2024-07-01T20:43:43","modified_gmt":"2024-07-01T23:43:43","slug":"aula-pratica-no-laboratorio","status":"publish","type":"post","link":"https:\/\/mariaimaculada.com.br\/index.php\/2024\/07\/01\/aula-pratica-no-laboratorio\/","title":{"rendered":"Descobrindo as caracter\u00edsticas \u00fanicas dos diferentes esp\u00e9cimes animais."},"content":{"rendered":"\n<p class=\"has-small-font-size\">Os estudantes do 8\u00ba ano tiveram uma aula pr\u00e1tica no laborat\u00f3rio de ci\u00eancias, onde puderam explorar de perto as caracter\u00edsticas \u00fanicas dos diferentes esp\u00e9cimes animais.<\/p>\n\n\n\n<p class=\"has-small-font-size\">Neste encontro com a biodiversidade, nossos jovens cientistas investigaram as semelhan\u00e7as e diferen\u00e7as entre os animais, aplicando conceitos aprendidos em sala de aula de uma forma din\u00e2mica e envolvente. Eles n\u00e3o apenas viram, mas tamb\u00e9m tocaram e compararam as formas de vida que estudam, ganhando um <a><\/a>entendimento mais profundo e uma aprecia\u00e7\u00e3o pela complexidade do mundo natural.<\/p>\n\n\n\n<p class=\"has-small-font-size\">Acompanhe nossa jornada de aprendizado e veja como a teoria se transforma em pr\u00e1tica, trazendo a biologia para a vida de maneira emocionante e educativa!<\/p>\n\n\n\n<figure class=\"wp-block-gallery has-nested-images columns-default is-cropped wp-block-gallery-1 is-layout-flex wp-block-gallery-is-layout-flex\">\n<figure class=\"wp-block-image size-large is-style-default\"><img fetchpriority=\"high\" decoding=\"async\" width=\"1024\" height=\"1024\" data-id=\"3498\" src=\"https:\/\/mariaimaculada.com.br\/wp-content\/uploads\/2024\/07\/post_8_ano-1-1024x1024.jpg\" alt=\"\" class=\"wp-image-3498\" srcset=\"https:\/\/mariaimaculada.com.br\/wp-content\/uploads\/2024\/07\/post_8_ano-1-1024x1024.jpg 1024w, https:\/\/mariaimaculada.com.br\/wp-content\/uploads\/2024\/07\/post_8_ano-1-300x300.jpg 300w, https:\/\/mariaimaculada.com.br\/wp-content\/uploads\/2024\/07\/post_8_ano-1-150x150.jpg 150w, https:\/\/mariaimaculada.com.br\/wp-content\/uploads\/2024\/07\/post_8_ano-1-768x768.jpg 768w, https:\/\/mariaimaculada.com.br\/wp-content\/uploads\/2024\/07\/post_8_ano-1-125x125.jpg 125w, https:\/\/mariaimaculada.com.br\/wp-content\/uploads\/2024\/07\/post_8_ano-1.jpg 1080w\" sizes=\"(max-width: 1024px) 100vw, 1024px\" \/><figcaption class=\"wp-element-caption\">Descobrindo o Reino Animal<\/figcaption><\/figure>\n\n\n\n<figure class=\"wp-block-image size-large\"><img decoding=\"async\" width=\"1024\" height=\"1024\" data-id=\"3499\" src=\"https:\/\/mariaimaculada.com.br\/wp-content\/uploads\/2024\/07\/post_8_ano_1-1024x1024.jpg\" alt=\"\" class=\"wp-image-3499\" srcset=\"https:\/\/mariaimaculada.com.br\/wp-content\/uploads\/2024\/07\/post_8_ano_1-1024x1024.jpg 1024w, https:\/\/mariaimaculada.com.br\/wp-content\/uploads\/2024\/07\/post_8_ano_1-300x300.jpg 300w, https:\/\/mariaimaculada.com.br\/wp-content\/uploads\/2024\/07\/post_8_ano_1-150x150.jpg 150w, https:\/\/mariaimaculada.com.br\/wp-content\/uploads\/2024\/07\/post_8_ano_1-768x768.jpg 768w, https:\/\/mariaimaculada.com.br\/wp-content\/uploads\/2024\/07\/post_8_ano_1-125x125.jpg 125w, https:\/\/mariaimaculada.com.br\/wp-content\/uploads\/2024\/07\/post_8_ano_1.jpg 1080w\" sizes=\"(max-width: 1024px) 100vw, 1024px\" \/><\/figure>\n<\/figure>\n","protected":false},"excerpt":{"rendered":"<p>Os estudantes do 8\u00ba ano tiveram uma aula pr\u00e1tica no laborat\u00f3rio de ci\u00eancias, onde puderam explorar de perto as caracter\u00edsticas \u00fanicas dos diferentes esp\u00e9cimes animais. Neste encontro com a biodiversidade,&#8230;  <a class=\"excerpt-read-more\" href=\"https:\/\/mariaimaculada.com.br\/index.php\/2024\/07\/01\/aula-pratica-no-laboratorio\/\" title=\"Read Descobrindo as caracter\u00edsticas \u00fanicas dos diferentes esp\u00e9cimes animais.\">Leia mais &raquo;<\/a><\/p>\n","protected":false},"author":4,"featured_media":3497,"comment_status":"open","ping_status":"open","sticky":false,"template":"","format":"standard","meta":{"_acf_changed":false,"_price":"","_stock":"","_tribe_ticket_header":"","_tribe_default_ticket_provider":"","_ticket_start_date":"","_ticket_end_date":"","_tribe_ticket_show_description":"","_tribe_ticket_show_not_going":false,"_tribe_ticket_use_global_stock":"","_tribe_ticket_global_stock_level":"","_global_stock_mode":"","_global_stock_cap":"","_tribe_rsvp_for_event":"","_tribe_ticket_going_count":"","_tribe_ticket_not_going_count":"","_tribe_tickets_list":"[]","_tribe_ticket_has_attendee_info_fields":false,"footnotes":""},"categories":[1],"tags":[22,20,23,21],"class_list":["post-3496","post","type-post","status-publish","format-standard","has-post-thumbnail","hentry","category-blog","tag-8a-ano","tag-ensino-fundamental-ii","tag-experimento","tag-laboratorio-de-ciencias"],"acf":[],"yoast_head":"<!-- This site is optimized with the Yoast SEO plugin v27.0 - https:\/\/yoast.com\/product\/yoast-seo-wordpress\/ -->\n<title>Descobrindo as caracter\u00edsticas \u00fanicas dos diferentes esp\u00e9cimes animais. - Col\u00e9gio Maria Imaculada<\/title>\n<meta name=\"robots\" content=\"index, follow, max-snippet:-1, max-image-preview:large, max-video-preview:-1\" \/>\n<link rel=\"canonical\" href=\"https:\/\/mariaimaculada.com.br\/index.php\/2024\/07\/01\/aula-pratica-no-laboratorio\/\" \/>\n<meta property=\"og:locale\" content=\"pt_BR\" \/>\n<meta property=\"og:type\" content=\"article\" \/>\n<meta property=\"og:title\" content=\"Descobrindo as caracter\u00edsticas \u00fanicas dos diferentes esp\u00e9cimes animais. - Col\u00e9gio Maria Imaculada\" \/>\n<meta property=\"og:description\" content=\"Os estudantes do 8\u00ba ano tiveram uma aula pr\u00e1tica no laborat\u00f3rio de ci\u00eancias, onde puderam explorar de perto as caracter\u00edsticas \u00fanicas dos diferentes esp\u00e9cimes animais. Neste encontro com a biodiversidade,... Leia mais &raquo;\" \/>\n<meta property=\"og:url\" content=\"https:\/\/mariaimaculada.com.br\/index.php\/2024\/07\/01\/aula-pratica-no-laboratorio\/\" \/>\n<meta property=\"og:site_name\" content=\"Col\u00e9gio Maria Imaculada\" \/>\n<meta property=\"article:published_time\" content=\"2024-07-01T23:02:04+00:00\" \/>\n<meta property=\"article:modified_time\" content=\"2024-07-01T23:43:43+00:00\" \/>\n<meta property=\"og:image\" content=\"https:\/\/mariaimaculada.com.br\/wp-content\/uploads\/2024\/07\/post_8_ano.jpg\" \/>\n\t<meta property=\"og:image:width\" content=\"1080\" \/>\n\t<meta property=\"og:image:height\" content=\"1080\" \/>\n\t<meta property=\"og:image:type\" content=\"image\/jpeg\" \/>\n<meta name=\"author\" content=\"labie@mariaimaculada.com.br\" \/>\n<meta name=\"twitter:card\" content=\"summary_large_image\" \/>\n<meta name=\"twitter:label1\" content=\"Escrito por\" \/>\n\t<meta name=\"twitter:data1\" content=\"labie@mariaimaculada.com.br\" \/>\n\t<meta name=\"twitter:label2\" content=\"Est. tempo de leitura\" \/>\n\t<meta name=\"twitter:data2\" content=\"1 minuto\" \/>\n<script type=\"application\/ld+json\" class=\"yoast-schema-graph\">{\"@context\":\"https:\/\/schema.org\",\"@graph\":[{\"@type\":\"Article\",\"@id\":\"https:\/\/mariaimaculada.com.br\/index.php\/2024\/07\/01\/aula-pratica-no-laboratorio\/#article\",\"isPartOf\":{\"@id\":\"https:\/\/mariaimaculada.com.br\/index.php\/2024\/07\/01\/aula-pratica-no-laboratorio\/\"},\"author\":{\"name\":\"labie@mariaimaculada.com.br\",\"@id\":\"https:\/\/mariaimaculada.com.br\/#\/schema\/person\/0cd8ff07477a5cb121937ed83fe635ee\"},\"headline\":\"Descobrindo as caracter\u00edsticas \u00fanicas dos diferentes esp\u00e9cimes animais.\",\"datePublished\":\"2024-07-01T23:02:04+00:00\",\"dateModified\":\"2024-07-01T23:43:43+00:00\",\"mainEntityOfPage\":{\"@id\":\"https:\/\/mariaimaculada.com.br\/index.php\/2024\/07\/01\/aula-pratica-no-laboratorio\/\"},\"wordCount\":132,\"commentCount\":0,\"publisher\":{\"@id\":\"https:\/\/mariaimaculada.com.br\/#organization\"},\"image\":{\"@id\":\"https:\/\/mariaimaculada.com.br\/index.php\/2024\/07\/01\/aula-pratica-no-laboratorio\/#primaryimage\"},\"thumbnailUrl\":\"https:\/\/mariaimaculada.com.br\/wp-content\/uploads\/2024\/07\/post_8_ano.jpg\",\"keywords\":[\"8\u00aa Ano\",\"Ensino Fundamental II\",\"Experimento\",\"Laborat\u00f3rio de Ci\u00eancias\"],\"articleSection\":[\"Blog\"],\"inLanguage\":\"pt-BR\",\"potentialAction\":[{\"@type\":\"CommentAction\",\"name\":\"Comment\",\"target\":[\"https:\/\/mariaimaculada.com.br\/index.php\/2024\/07\/01\/aula-pratica-no-laboratorio\/#respond\"]}]},{\"@type\":\"WebPage\",\"@id\":\"https:\/\/mariaimaculada.com.br\/index.php\/2024\/07\/01\/aula-pratica-no-laboratorio\/\",\"url\":\"https:\/\/mariaimaculada.com.br\/index.php\/2024\/07\/01\/aula-pratica-no-laboratorio\/\",\"name\":\"Descobrindo as caracter\u00edsticas \u00fanicas dos diferentes esp\u00e9cimes animais. - Col\u00e9gio Maria Imaculada\",\"isPartOf\":{\"@id\":\"https:\/\/mariaimaculada.com.br\/#website\"},\"primaryImageOfPage\":{\"@id\":\"https:\/\/mariaimaculada.com.br\/index.php\/2024\/07\/01\/aula-pratica-no-laboratorio\/#primaryimage\"},\"image\":{\"@id\":\"https:\/\/mariaimaculada.com.br\/index.php\/2024\/07\/01\/aula-pratica-no-laboratorio\/#primaryimage\"},\"thumbnailUrl\":\"https:\/\/mariaimaculada.com.br\/wp-content\/uploads\/2024\/07\/post_8_ano.jpg\",\"datePublished\":\"2024-07-01T23:02:04+00:00\",\"dateModified\":\"2024-07-01T23:43:43+00:00\",\"breadcrumb\":{\"@id\":\"https:\/\/mariaimaculada.com.br\/index.php\/2024\/07\/01\/aula-pratica-no-laboratorio\/#breadcrumb\"},\"inLanguage\":\"pt-BR\",\"potentialAction\":[{\"@type\":\"ReadAction\",\"target\":[\"https:\/\/mariaimaculada.com.br\/index.php\/2024\/07\/01\/aula-pratica-no-laboratorio\/\"]}]},{\"@type\":\"ImageObject\",\"inLanguage\":\"pt-BR\",\"@id\":\"https:\/\/mariaimaculada.com.br\/index.php\/2024\/07\/01\/aula-pratica-no-laboratorio\/#primaryimage\",\"url\":\"https:\/\/mariaimaculada.com.br\/wp-content\/uploads\/2024\/07\/post_8_ano.jpg\",\"contentUrl\":\"https:\/\/mariaimaculada.com.br\/wp-content\/uploads\/2024\/07\/post_8_ano.jpg\",\"width\":1080,\"height\":1080},{\"@type\":\"BreadcrumbList\",\"@id\":\"https:\/\/mariaimaculada.com.br\/index.php\/2024\/07\/01\/aula-pratica-no-laboratorio\/#breadcrumb\",\"itemListElement\":[{\"@type\":\"ListItem\",\"position\":1,\"name\":\"In\u00edcio\",\"item\":\"https:\/\/mariaimaculada.com.br\/\"},{\"@type\":\"ListItem\",\"position\":2,\"name\":\"Descobrindo as caracter\u00edsticas \u00fanicas dos diferentes esp\u00e9cimes animais.\"}]},{\"@type\":\"WebSite\",\"@id\":\"https:\/\/mariaimaculada.com.br\/#website\",\"url\":\"https:\/\/mariaimaculada.com.br\/\",\"name\":\"Col\u00e9gio Maria Imaculada\",\"description\":\"Col\u00e9gio da Rede Franciscana Bernardina, localizado em Porto Alegre-RS na Avenida Padre Cacique 1028. O Col\u00e9gio atende desde a Educa\u00e7\u00e3o Infantil at\u00e9 o Ensino M\u00e9dio.\",\"publisher\":{\"@id\":\"https:\/\/mariaimaculada.com.br\/#organization\"},\"potentialAction\":[{\"@type\":\"SearchAction\",\"target\":{\"@type\":\"EntryPoint\",\"urlTemplate\":\"https:\/\/mariaimaculada.com.br\/?s={search_term_string}\"},\"query-input\":{\"@type\":\"PropertyValueSpecification\",\"valueRequired\":true,\"valueName\":\"search_term_string\"}}],\"inLanguage\":\"pt-BR\"},{\"@type\":\"Organization\",\"@id\":\"https:\/\/mariaimaculada.com.br\/#organization\",\"name\":\"Col\u00e9gio Maria Imaculada\",\"url\":\"https:\/\/mariaimaculada.com.br\/\",\"logo\":{\"@type\":\"ImageObject\",\"inLanguage\":\"pt-BR\",\"@id\":\"https:\/\/mariaimaculada.com.br\/#\/schema\/logo\/image\/\",\"url\":\"https:\/\/mariaimaculada.com.br\/wp-content\/uploads\/2023\/12\/maria-imaculada.png\",\"contentUrl\":\"https:\/\/mariaimaculada.com.br\/wp-content\/uploads\/2023\/12\/maria-imaculada.png\",\"width\":338,\"height\":84,\"caption\":\"Col\u00e9gio Maria Imaculada\"},\"image\":{\"@id\":\"https:\/\/mariaimaculada.com.br\/#\/schema\/logo\/image\/\"}},{\"@type\":\"Person\",\"@id\":\"https:\/\/mariaimaculada.com.br\/#\/schema\/person\/0cd8ff07477a5cb121937ed83fe635ee\",\"name\":\"labie@mariaimaculada.com.br\",\"image\":{\"@type\":\"ImageObject\",\"inLanguage\":\"pt-BR\",\"@id\":\"https:\/\/mariaimaculada.com.br\/#\/schema\/person\/image\/\",\"url\":\"https:\/\/secure.gravatar.com\/avatar\/979d99da8fb8595463b1ff3fd1db1214528cc3cbad4c1ce2f50a0b1a9051c7e4?s=96&d=mm&r=g\",\"contentUrl\":\"https:\/\/secure.gravatar.com\/avatar\/979d99da8fb8595463b1ff3fd1db1214528cc3cbad4c1ce2f50a0b1a9051c7e4?s=96&d=mm&r=g\",\"caption\":\"labie@mariaimaculada.com.br\"},\"url\":\"https:\/\/mariaimaculada.com.br\/index.php\/author\/labiemariaimaculada-com-br\/\"}]}<\/script>\n<!-- \/ Yoast SEO plugin. -->","yoast_head_json":{"title":"Descobrindo as caracter\u00edsticas \u00fanicas dos diferentes esp\u00e9cimes animais. - Col\u00e9gio Maria Imaculada","robots":{"index":"index","follow":"follow","max-snippet":"max-snippet:-1","max-image-preview":"max-image-preview:large","max-video-preview":"max-video-preview:-1"},"canonical":"https:\/\/mariaimaculada.com.br\/index.php\/2024\/07\/01\/aula-pratica-no-laboratorio\/","og_locale":"pt_BR","og_type":"article","og_title":"Descobrindo as caracter\u00edsticas \u00fanicas dos diferentes esp\u00e9cimes animais. - Col\u00e9gio Maria Imaculada","og_description":"Os estudantes do 8\u00ba ano tiveram uma aula pr\u00e1tica no laborat\u00f3rio de ci\u00eancias, onde puderam explorar de perto as caracter\u00edsticas \u00fanicas dos diferentes esp\u00e9cimes animais. Neste encontro com a biodiversidade,... Leia mais &raquo;","og_url":"https:\/\/mariaimaculada.com.br\/index.php\/2024\/07\/01\/aula-pratica-no-laboratorio\/","og_site_name":"Col\u00e9gio Maria Imaculada","article_published_time":"2024-07-01T23:02:04+00:00","article_modified_time":"2024-07-01T23:43:43+00:00","og_image":[{"width":1080,"height":1080,"url":"https:\/\/mariaimaculada.com.br\/wp-content\/uploads\/2024\/07\/post_8_ano.jpg","type":"image\/jpeg"}],"author":"labie@mariaimaculada.com.br","twitter_card":"summary_large_image","twitter_misc":{"Escrito por":"labie@mariaimaculada.com.br","Est. tempo de leitura":"1 minuto"},"schema":{"@context":"https:\/\/schema.org","@graph":[{"@type":"Article","@id":"https:\/\/mariaimaculada.com.br\/index.php\/2024\/07\/01\/aula-pratica-no-laboratorio\/#article","isPartOf":{"@id":"https:\/\/mariaimaculada.com.br\/index.php\/2024\/07\/01\/aula-pratica-no-laboratorio\/"},"author":{"name":"labie@mariaimaculada.com.br","@id":"https:\/\/mariaimaculada.com.br\/#\/schema\/person\/0cd8ff07477a5cb121937ed83fe635ee"},"headline":"Descobrindo as caracter\u00edsticas \u00fanicas dos diferentes esp\u00e9cimes animais.","datePublished":"2024-07-01T23:02:04+00:00","dateModified":"2024-07-01T23:43:43+00:00","mainEntityOfPage":{"@id":"https:\/\/mariaimaculada.com.br\/index.php\/2024\/07\/01\/aula-pratica-no-laboratorio\/"},"wordCount":132,"commentCount":0,"publisher":{"@id":"https:\/\/mariaimaculada.com.br\/#organization"},"image":{"@id":"https:\/\/mariaimaculada.com.br\/index.php\/2024\/07\/01\/aula-pratica-no-laboratorio\/#primaryimage"},"thumbnailUrl":"https:\/\/mariaimaculada.com.br\/wp-content\/uploads\/2024\/07\/post_8_ano.jpg","keywords":["8\u00aa Ano","Ensino Fundamental II","Experimento","Laborat\u00f3rio de Ci\u00eancias"],"articleSection":["Blog"],"inLanguage":"pt-BR","potentialAction":[{"@type":"CommentAction","name":"Comment","target":["https:\/\/mariaimaculada.com.br\/index.php\/2024\/07\/01\/aula-pratica-no-laboratorio\/#respond"]}]},{"@type":"WebPage","@id":"https:\/\/mariaimaculada.com.br\/index.php\/2024\/07\/01\/aula-pratica-no-laboratorio\/","url":"https:\/\/mariaimaculada.com.br\/index.php\/2024\/07\/01\/aula-pratica-no-laboratorio\/","name":"Descobrindo as caracter\u00edsticas \u00fanicas dos diferentes esp\u00e9cimes animais. - Col\u00e9gio Maria Imaculada","isPartOf":{"@id":"https:\/\/mariaimaculada.com.br\/#website"},"primaryImageOfPage":{"@id":"https:\/\/mariaimaculada.com.br\/index.php\/2024\/07\/01\/aula-pratica-no-laboratorio\/#primaryimage"},"image":{"@id":"https:\/\/mariaimaculada.com.br\/index.php\/2024\/07\/01\/aula-pratica-no-laboratorio\/#primaryimage"},"thumbnailUrl":"https:\/\/mariaimaculada.com.br\/wp-content\/uploads\/2024\/07\/post_8_ano.jpg","datePublished":"2024-07-01T23:02:04+00:00","dateModified":"2024-07-01T23:43:43+00:00","breadcrumb":{"@id":"https:\/\/mariaimaculada.com.br\/index.php\/2024\/07\/01\/aula-pratica-no-laboratorio\/#breadcrumb"},"inLanguage":"pt-BR","potentialAction":[{"@type":"ReadAction","target":["https:\/\/mariaimaculada.com.br\/index.php\/2024\/07\/01\/aula-pratica-no-laboratorio\/"]}]},{"@type":"ImageObject","inLanguage":"pt-BR","@id":"https:\/\/mariaimaculada.com.br\/index.php\/2024\/07\/01\/aula-pratica-no-laboratorio\/#primaryimage","url":"https:\/\/mariaimaculada.com.br\/wp-content\/uploads\/2024\/07\/post_8_ano.jpg","contentUrl":"https:\/\/mariaimaculada.com.br\/wp-content\/uploads\/2024\/07\/post_8_ano.jpg","width":1080,"height":1080},{"@type":"BreadcrumbList","@id":"https:\/\/mariaimaculada.com.br\/index.php\/2024\/07\/01\/aula-pratica-no-laboratorio\/#breadcrumb","itemListElement":[{"@type":"ListItem","position":1,"name":"In\u00edcio","item":"https:\/\/mariaimaculada.com.br\/"},{"@type":"ListItem","position":2,"name":"Descobrindo as caracter\u00edsticas \u00fanicas dos diferentes esp\u00e9cimes animais."}]},{"@type":"WebSite","@id":"https:\/\/mariaimaculada.com.br\/#website","url":"https:\/\/mariaimaculada.com.br\/","name":"Col\u00e9gio Maria Imaculada","description":"Col\u00e9gio da Rede Franciscana Bernardina, localizado em Porto Alegre-RS na Avenida Padre Cacique 1028. O Col\u00e9gio atende desde a Educa\u00e7\u00e3o Infantil at\u00e9 o Ensino M\u00e9dio.","publisher":{"@id":"https:\/\/mariaimaculada.com.br\/#organization"},"potentialAction":[{"@type":"SearchAction","target":{"@type":"EntryPoint","urlTemplate":"https:\/\/mariaimaculada.com.br\/?s={search_term_string}"},"query-input":{"@type":"PropertyValueSpecification","valueRequired":true,"valueName":"search_term_string"}}],"inLanguage":"pt-BR"},{"@type":"Organization","@id":"https:\/\/mariaimaculada.com.br\/#organization","name":"Col\u00e9gio Maria Imaculada","url":"https:\/\/mariaimaculada.com.br\/","logo":{"@type":"ImageObject","inLanguage":"pt-BR","@id":"https:\/\/mariaimaculada.com.br\/#\/schema\/logo\/image\/","url":"https:\/\/mariaimaculada.com.br\/wp-content\/uploads\/2023\/12\/maria-imaculada.png","contentUrl":"https:\/\/mariaimaculada.com.br\/wp-content\/uploads\/2023\/12\/maria-imaculada.png","width":338,"height":84,"caption":"Col\u00e9gio Maria Imaculada"},"image":{"@id":"https:\/\/mariaimaculada.com.br\/#\/schema\/logo\/image\/"}},{"@type":"Person","@id":"https:\/\/mariaimaculada.com.br\/#\/schema\/person\/0cd8ff07477a5cb121937ed83fe635ee","name":"labie@mariaimaculada.com.br","image":{"@type":"ImageObject","inLanguage":"pt-BR","@id":"https:\/\/mariaimaculada.com.br\/#\/schema\/person\/image\/","url":"https:\/\/secure.gravatar.com\/avatar\/979d99da8fb8595463b1ff3fd1db1214528cc3cbad4c1ce2f50a0b1a9051c7e4?s=96&d=mm&r=g","contentUrl":"https:\/\/secure.gravatar.com\/avatar\/979d99da8fb8595463b1ff3fd1db1214528cc3cbad4c1ce2f50a0b1a9051c7e4?s=96&d=mm&r=g","caption":"labie@mariaimaculada.com.br"},"url":"https:\/\/mariaimaculada.com.br\/index.php\/author\/labiemariaimaculada-com-br\/"}]}},"_links":{"self":[{"href":"https:\/\/mariaimaculada.com.br\/index.php\/wp-json\/wp\/v2\/posts\/3496","targetHints":{"allow":["GET"]}}],"collection":[{"href":"https:\/\/mariaimaculada.com.br\/index.php\/wp-json\/wp\/v2\/posts"}],"about":[{"href":"https:\/\/mariaimaculada.com.br\/index.php\/wp-json\/wp\/v2\/types\/post"}],"author":[{"embeddable":true,"href":"https:\/\/mariaimaculada.com.br\/index.php\/wp-json\/wp\/v2\/users\/4"}],"replies":[{"embeddable":true,"href":"https:\/\/mariaimaculada.com.br\/index.php\/wp-json\/wp\/v2\/comments?post=3496"}],"version-history":[{"count":0,"href":"https:\/\/mariaimaculada.com.br\/index.php\/wp-json\/wp\/v2\/posts\/3496\/revisions"}],"wp:featuredmedia":[{"embeddable":true,"href":"https:\/\/mariaimaculada.com.br\/index.php\/wp-json\/wp\/v2\/media\/3497"}],"wp:attachment":[{"href":"https:\/\/mariaimaculada.com.br\/index.php\/wp-json\/wp\/v2\/media?parent=3496"}],"wp:term":[{"taxonomy":"category","embeddable":true,"href":"https:\/\/mariaimaculada.com.br\/index.php\/wp-json\/wp\/v2\/categories?post=3496"},{"taxonomy":"post_tag","embeddable":true,"href":"https:\/\/mariaimaculada.com.br\/index.php\/wp-json\/wp\/v2\/tags?post=3496"}],"curies":[{"name":"wp","href":"https:\/\/api.w.org\/{rel}","templated":true}]}}