{"id":4,"name":"labie@mariaimaculada.com.br","url":"","description":"","link":"https:\/\/mariaimaculada.com.br\/index.php\/author\/labiemariaimaculada-com-br\/","slug":"labiemariaimaculada-com-br","avatar_urls":{"24":"https:\/\/secure.gravatar.com\/avatar\/979d99da8fb8595463b1ff3fd1db1214528cc3cbad4c1ce2f50a0b1a9051c7e4?s=24&d=mm&r=g","48":"https:\/\/secure.gravatar.com\/avatar\/979d99da8fb8595463b1ff3fd1db1214528cc3cbad4c1ce2f50a0b1a9051c7e4?s=48&d=mm&r=g","96":"https:\/\/secure.gravatar.com\/avatar\/979d99da8fb8595463b1ff3fd1db1214528cc3cbad4c1ce2f50a0b1a9051c7e4?s=96&d=mm&r=g"},"meta":[],"acf":[],"yoast_head":"<!-- This site is optimized with the Yoast SEO plugin v27.0 - https:\/\/yoast.com\/product\/yoast-seo-wordpress\/ -->\n<title>labie@mariaimaculada.com.br, Autor em Col\u00e9gio Maria Imaculada<\/title>\n<meta name=\"robots\" content=\"index, follow, max-snippet:-1, max-image-preview:large, max-video-preview:-1\" \/>\n<link rel=\"canonical\" href=\"https:\/\/mariaimaculada.com.br\/index.php\/author\/labiemariaimaculada-com-br\/\" \/>\n<meta property=\"og:locale\" content=\"pt_BR\" \/>\n<meta property=\"og:type\" content=\"profile\" \/>\n<meta property=\"og:title\" content=\"labie@mariaimaculada.com.br, Autor em Col\u00e9gio Maria Imaculada\" \/>\n<meta property=\"og:url\" content=\"https:\/\/mariaimaculada.com.br\/index.php\/author\/labiemariaimaculada-com-br\/\" \/>\n<meta property=\"og:site_name\" content=\"Col\u00e9gio Maria Imaculada\" \/>\n<meta property=\"og:image\" content=\"https:\/\/secure.gravatar.com\/avatar\/2d85398a80bc4381258966fb62873fb4?s=500&d=mm&r=g\" \/>\n<meta name=\"twitter:card\" content=\"summary_large_image\" \/>\n<script type=\"application\/ld+json\" class=\"yoast-schema-graph\">{\"@context\":\"https:\/\/schema.org\",\"@graph\":[{\"@type\":\"ProfilePage\",\"@id\":\"https:\/\/mariaimaculada.com.br\/index.php\/author\/labiemariaimaculada-com-br\/\",\"url\":\"https:\/\/mariaimaculada.com.br\/index.php\/author\/labiemariaimaculada-com-br\/\",\"name\":\"labie@mariaimaculada.com.br, Autor em Col\u00e9gio Maria Imaculada\",\"isPartOf\":{\"@id\":\"https:\/\/mariaimaculada.com.br\/#website\"},\"breadcrumb\":{\"@id\":\"https:\/\/mariaimaculada.com.br\/index.php\/author\/labiemariaimaculada-com-br\/#breadcrumb\"},\"inLanguage\":\"pt-BR\",\"potentialAction\":[{\"@type\":\"ReadAction\",\"target\":[\"https:\/\/mariaimaculada.com.br\/index.php\/author\/labiemariaimaculada-com-br\/\"]}]},{\"@type\":\"BreadcrumbList\",\"@id\":\"https:\/\/mariaimaculada.com.br\/index.php\/author\/labiemariaimaculada-com-br\/#breadcrumb\",\"itemListElement\":[{\"@type\":\"ListItem\",\"position\":1,\"name\":\"In\u00edcio\",\"item\":\"https:\/\/mariaimaculada.com.br\/\"},{\"@type\":\"ListItem\",\"position\":2,\"name\":\"Arquivos para labie@mariaimaculada.com.br\"}]},{\"@type\":\"WebSite\",\"@id\":\"https:\/\/mariaimaculada.com.br\/#website\",\"url\":\"https:\/\/mariaimaculada.com.br\/\",\"name\":\"Col\u00e9gio Maria Imaculada\",\"description\":\"Col\u00e9gio da Rede Franciscana Bernardina, localizado em Porto Alegre-RS na Avenida Padre Cacique 1028. O Col\u00e9gio atende desde a Educa\u00e7\u00e3o Infantil at\u00e9 o Ensino M\u00e9dio.\",\"publisher\":{\"@id\":\"https:\/\/mariaimaculada.com.br\/#organization\"},\"potentialAction\":[{\"@type\":\"SearchAction\",\"target\":{\"@type\":\"EntryPoint\",\"urlTemplate\":\"https:\/\/mariaimaculada.com.br\/?s={search_term_string}\"},\"query-input\":{\"@type\":\"PropertyValueSpecification\",\"valueRequired\":true,\"valueName\":\"search_term_string\"}}],\"inLanguage\":\"pt-BR\"},{\"@type\":\"Organization\",\"@id\":\"https:\/\/mariaimaculada.com.br\/#organization\",\"name\":\"Col\u00e9gio Maria Imaculada\",\"url\":\"https:\/\/mariaimaculada.com.br\/\",\"logo\":{\"@type\":\"ImageObject\",\"inLanguage\":\"pt-BR\",\"@id\":\"https:\/\/mariaimaculada.com.br\/#\/schema\/logo\/image\/\",\"url\":\"https:\/\/mariaimaculada.com.br\/wp-content\/uploads\/2023\/12\/maria-imaculada.png\",\"contentUrl\":\"https:\/\/mariaimaculada.com.br\/wp-content\/uploads\/2023\/12\/maria-imaculada.png\",\"width\":338,\"height\":84,\"caption\":\"Col\u00e9gio Maria Imaculada\"},\"image\":{\"@id\":\"https:\/\/mariaimaculada.com.br\/#\/schema\/logo\/image\/\"}},{\"@type\":\"Person\",\"@id\":\"https:\/\/mariaimaculada.com.br\/#\/schema\/person\/0cd8ff07477a5cb121937ed83fe635ee\",\"name\":\"labie@mariaimaculada.com.br\",\"image\":{\"@type\":\"ImageObject\",\"inLanguage\":\"pt-BR\",\"@id\":\"https:\/\/mariaimaculada.com.br\/#\/schema\/person\/image\/\",\"url\":\"https:\/\/secure.gravatar.com\/avatar\/979d99da8fb8595463b1ff3fd1db1214528cc3cbad4c1ce2f50a0b1a9051c7e4?s=96&d=mm&r=g\",\"contentUrl\":\"https:\/\/secure.gravatar.com\/avatar\/979d99da8fb8595463b1ff3fd1db1214528cc3cbad4c1ce2f50a0b1a9051c7e4?s=96&d=mm&r=g\",\"caption\":\"labie@mariaimaculada.com.br\"},\"mainEntityOfPage\":{\"@id\":\"https:\/\/mariaimaculada.com.br\/index.php\/author\/labiemariaimaculada-com-br\/\"}}]}<\/script>\n<!-- \/ Yoast SEO plugin. -->","yoast_head_json":{"title":"labie@mariaimaculada.com.br, Autor em Col\u00e9gio Maria Imaculada","robots":{"index":"index","follow":"follow","max-snippet":"max-snippet:-1","max-image-preview":"max-image-preview:large","max-video-preview":"max-video-preview:-1"},"canonical":"https:\/\/mariaimaculada.com.br\/index.php\/author\/labiemariaimaculada-com-br\/","og_locale":"pt_BR","og_type":"profile","og_title":"labie@mariaimaculada.com.br, Autor em Col\u00e9gio Maria Imaculada","og_url":"https:\/\/mariaimaculada.com.br\/index.php\/author\/labiemariaimaculada-com-br\/","og_site_name":"Col\u00e9gio Maria Imaculada","og_image":[{"url":"https:\/\/secure.gravatar.com\/avatar\/2d85398a80bc4381258966fb62873fb4?s=500&d=mm&r=g","type":"","width":"","height":""}],"twitter_card":"summary_large_image","schema":{"@context":"https:\/\/schema.org","@graph":[{"@type":"ProfilePage","@id":"https:\/\/mariaimaculada.com.br\/index.php\/author\/labiemariaimaculada-com-br\/","url":"https:\/\/mariaimaculada.com.br\/index.php\/author\/labiemariaimaculada-com-br\/","name":"labie@mariaimaculada.com.br, Autor em Col\u00e9gio Maria Imaculada","isPartOf":{"@id":"https:\/\/mariaimaculada.com.br\/#website"},"breadcrumb":{"@id":"https:\/\/mariaimaculada.com.br\/index.php\/author\/labiemariaimaculada-com-br\/#breadcrumb"},"inLanguage":"pt-BR","potentialAction":[{"@type":"ReadAction","target":["https:\/\/mariaimaculada.com.br\/index.php\/author\/labiemariaimaculada-com-br\/"]}]},{"@type":"BreadcrumbList","@id":"https:\/\/mariaimaculada.com.br\/index.php\/author\/labiemariaimaculada-com-br\/#breadcrumb","itemListElement":[{"@type":"ListItem","position":1,"name":"In\u00edcio","item":"https:\/\/mariaimaculada.com.br\/"},{"@type":"ListItem","position":2,"name":"Arquivos para labie@mariaimaculada.com.br"}]},{"@type":"WebSite","@id":"https:\/\/mariaimaculada.com.br\/#website","url":"https:\/\/mariaimaculada.com.br\/","name":"Col\u00e9gio Maria Imaculada","description":"Col\u00e9gio da Rede Franciscana Bernardina, localizado em Porto Alegre-RS na Avenida Padre Cacique 1028. O Col\u00e9gio atende desde a Educa\u00e7\u00e3o Infantil at\u00e9 o Ensino M\u00e9dio.","publisher":{"@id":"https:\/\/mariaimaculada.com.br\/#organization"},"potentialAction":[{"@type":"SearchAction","target":{"@type":"EntryPoint","urlTemplate":"https:\/\/mariaimaculada.com.br\/?s={search_term_string}"},"query-input":{"@type":"PropertyValueSpecification","valueRequired":true,"valueName":"search_term_string"}}],"inLanguage":"pt-BR"},{"@type":"Organization","@id":"https:\/\/mariaimaculada.com.br\/#organization","name":"Col\u00e9gio Maria Imaculada","url":"https:\/\/mariaimaculada.com.br\/","logo":{"@type":"ImageObject","inLanguage":"pt-BR","@id":"https:\/\/mariaimaculada.com.br\/#\/schema\/logo\/image\/","url":"https:\/\/mariaimaculada.com.br\/wp-content\/uploads\/2023\/12\/maria-imaculada.png","contentUrl":"https:\/\/mariaimaculada.com.br\/wp-content\/uploads\/2023\/12\/maria-imaculada.png","width":338,"height":84,"caption":"Col\u00e9gio Maria Imaculada"},"image":{"@id":"https:\/\/mariaimaculada.com.br\/#\/schema\/logo\/image\/"}},{"@type":"Person","@id":"https:\/\/mariaimaculada.com.br\/#\/schema\/person\/0cd8ff07477a5cb121937ed83fe635ee","name":"labie@mariaimaculada.com.br","image":{"@type":"ImageObject","inLanguage":"pt-BR","@id":"https:\/\/mariaimaculada.com.br\/#\/schema\/person\/image\/","url":"https:\/\/secure.gravatar.com\/avatar\/979d99da8fb8595463b1ff3fd1db1214528cc3cbad4c1ce2f50a0b1a9051c7e4?s=96&d=mm&r=g","contentUrl":"https:\/\/secure.gravatar.com\/avatar\/979d99da8fb8595463b1ff3fd1db1214528cc3cbad4c1ce2f50a0b1a9051c7e4?s=96&d=mm&r=g","caption":"labie@mariaimaculada.com.br"},"mainEntityOfPage":{"@id":"https:\/\/mariaimaculada.com.br\/index.php\/author\/labiemariaimaculada-com-br\/"}}]}},"elementor_introduction":{"ai-get-started-announcement":true,"favorites-notice":true,"globals_introduction":true,"exit_to":true,"ai_promotion_introduction_textarea":true,"ai_promotion_introduction_media-edit":true,"yoast-introduction":true,"yoast-introduction-editor-v2":true},"_links":{"self":[{"href":"https:\/\/mariaimaculada.com.br\/index.php\/wp-json\/wp\/v2\/users\/4","targetHints":{"allow":["GET"]}}],"collection":[{"href":"https:\/\/mariaimaculada.com.br\/index.php\/wp-json\/wp\/v2\/users"}]}}